{"id":15606,"date":"2025-04-24T14:19:59","date_gmt":"2025-04-24T11:19:59","guid":{"rendered":"https:\/\/takipci.shop\/blog\/?p=15606"},"modified":"2025-04-24T14:20:01","modified_gmt":"2025-04-24T11:20:01","slug":"facebook-profil-kilitleme","status":"publish","type":"post","link":"https:\/\/takipci.shop\/blog\/facebook-profil-kilitleme","title":{"rendered":"Facebook Profil Kilitleme Nas\u0131l Yap\u0131l\u0131r?"},"content":{"rendered":"\n<p><a href=\"https:\/\/www.facebook.com\/\" target=\"_blank\" rel=\"noreferrer noopener\">Facebook<\/a>, d\u00fcnyada milyarlarca aktif kullan\u0131c\u0131ya sahip olan en b\u00fcy\u00fck sosyal medya platformlar\u0131ndan biridir. Ancak bu b\u00fcy\u00fckl\u00fck, beraberinde gizlilik sorunlar\u0131n\u0131 da getiriyor. \u00d6zellikle ki\u015fisel bilgilerin, foto\u011fraflar\u0131n ve payla\u015f\u0131mlar\u0131n herkes taraf\u0131ndan g\u00f6r\u00fcnt\u00fclenmesi rahats\u0131z edici olabilir. Bu nedenle Facebook&#8217;un sundu\u011fu &#8220;Profil Kilitleme&#8221; \u00f6zelli\u011fi, kullan\u0131c\u0131lar i\u00e7in b\u00fcy\u00fck bir avantaj sunuyor.\u00a0<\/p>\n\n\n\n<p>Bu rehberde, <strong>Facebook profil kilitleme<\/strong>, <strong>gizlilik ayarlar\u0131<\/strong> ve <strong>hesap koruma y\u00f6ntemleri<\/strong> hakk\u0131nda detayl\u0131 bilgiler bulacaks\u0131n\u0131z. Facebook\u2019ta daha g\u00fcvenli bir deneyim i\u00e7in hemen okumaya ba\u015flay\u0131n.&nbsp;<\/p>\n\n\n\n<h2 class=\"wp-block-heading\"><span class=\"ez-toc-section\" id=\"Profil_Kilitleme_Nedir\"><\/span>Profil Kilitleme Nedir?\u00a0<span class=\"ez-toc-section-end\"><\/span><\/h2>\n\n\n\n<p>Facebook Profil Kilitleme \u00f6zelli\u011fi, hesab\u0131n\u0131z\u0131n g\u00fcvenli\u011fini art\u0131rmak ve gizlili\u011finizi korumak i\u00e7in geli\u015ftirilen bir g\u00fcvenlik ayar\u0131d\u0131r. Bu \u00f6zelli\u011fi aktif hale getirdi\u011finizde:&nbsp;<\/p>\n\n\n\n<ul class=\"wp-block-list\">\n<li>Profil foto\u011fraf\u0131n\u0131z sadece arkada\u015flar\u0131n\u0131z taraf\u0131ndan g\u00f6r\u00fclebilir.\u00a0<\/li>\n\n\n\n<li>Hakk\u0131nda k\u0131sm\u0131ndaki bilgiler s\u0131n\u0131rl\u0131 g\u00f6r\u00fcn\u00fcr.\u00a0<\/li>\n\n\n\n<li>Payla\u015f\u0131mlar\u0131n\u0131z sadece arkada\u015flar\u0131n\u0131za a\u00e7\u0131k hale gelir.\u00a0<\/li>\n\n\n\n<li>Eski g\u00f6nderilerinizin herkese a\u00e7\u0131k olanlar\u0131 otomatik olarak gizlenir.\u00a0<\/li>\n<\/ul>\n\n\n\n<p>Yani \u00f6zetle; yabanc\u0131 ki\u015filer sizin profilinizi tam anlam\u0131yla g\u00f6r\u00fcnt\u00fcleyemez, i\u00e7eriklerinizi g\u00f6remez ve foto\u011fraflar\u0131n\u0131z\u0131 b\u00fcy\u00fctemez.&nbsp;<\/p>\n\n\n\n<p>Bu \u00f6zellik \u00f6zellikle doland\u0131r\u0131c\u0131l\u0131k, bilgi h\u0131rs\u0131zl\u0131\u011f\u0131 ve k\u00f6t\u00fc niyetli eri\u015fim risklerine kar\u015f\u0131 \u00f6nemli bir koruma sa\u011flar.\u00a0Ayr\u0131ca <a href=\"https:\/\/takipci.shop\/blog\/facebook-hesap-silme\" target=\"_blank\" rel=\"noreferrer noopener\">Facebook hesap silme<\/a> yaz\u0131m\u0131za da g\u00f6z at\u0131n!<\/p>\n\n\n\n<h2 class=\"wp-block-heading\"><span class=\"ez-toc-section\" id=\"Adim_Adim_Profil_Kilitleme\"><\/span>Ad\u0131m Ad\u0131m Profil Kilitleme\u00a0<span class=\"ez-toc-section-end\"><\/span><\/h2>\n\n\n\n<p>Facebook profilinizi birka\u00e7 basit ad\u0131mda kolayca kilitleyebilirsiniz. \u0130\u015fte mobil uygulama ve masa\u00fcst\u00fc i\u00e7in ad\u0131mlar:&nbsp;<\/p>\n\n\n\n<h3 class=\"wp-block-heading\">Facebook Mobil Uygulama \u00dczerinden\u00a0<\/h3>\n\n\n\n<ol start=\"1\" class=\"wp-block-list\">\n<li>Facebook uygulamas\u0131n\u0131 a\u00e7\u0131n.\u00a0<\/li>\n\n\n\n<li>Sa\u011f alt k\u00f6\u015fedeki \u00fc\u00e7 \u00e7izgiye dokunun (men\u00fc).\u00a0<\/li>\n\n\n\n<li>Profilinize gidin.\u00a0<\/li>\n\n\n\n<li>&#8220;\u2026&#8221; (\u00fc\u00e7 nokta) butonuna dokunun.\u00a0<\/li>\n\n\n\n<li>A\u00e7\u0131lan men\u00fcde &#8220;Profilini Kilitle&#8221; se\u00e7ene\u011fine t\u0131klay\u0131n.\u00a0<\/li>\n\n\n\n<li>Onay ekran\u0131nda tekrar &#8220;Profilimi Kilitle&#8221; butonuna basarak i\u015flemi tamamlay\u0131n.\u00a0<\/li>\n<\/ol>\n\n\n<div class=\"wp-block-image\">\n<figure class=\"aligncenter size-full\"><img decoding=\"async\" width=\"660\" height=\"480\" src=\"https:\/\/takipci.shop\/blog\/wp-content\/uploads\/2025\/04\/facebook-hesabini-kilitleme.jpg\" alt=\"facebook hesab\u0131n\u0131 kilitleme\" class=\"wp-image-15615\"\/><\/figure><\/div>\n\n\n<ol start=\"2\" class=\"wp-block-list\"><\/ol>\n\n\n\n<ol start=\"3\" class=\"wp-block-list\"><\/ol>\n\n\n\n<ol start=\"4\" class=\"wp-block-list\"><\/ol>\n\n\n\n<ol start=\"5\" class=\"wp-block-list\"><\/ol>\n\n\n\n<ol start=\"6\" class=\"wp-block-list\"><\/ol>\n\n\n\n<h3 class=\"wp-block-heading\">Facebook Masa\u00fcst\u00fc (Web Taray\u0131c\u0131) \u00dczerinden\u00a0<\/h3>\n\n\n\n<ol start=\"1\" class=\"wp-block-list\">\n<li><a href=\"http:\/\/www.facebook.com\/\" target=\"_blank\" rel=\"noreferrer noopener\">www.facebook.com<\/a> adresine girin ve hesab\u0131n\u0131za giri\u015f yap\u0131n.\u00a0<\/li>\n\n\n\n<li>Kendi profilinize gidin.\u00a0<\/li>\n\n\n\n<li>Profil foto\u011fraf\u0131n\u0131z\u0131n alt\u0131nda yer alan &#8220;\u2026&#8221; simgesine t\u0131klay\u0131n.\u00a0<\/li>\n\n\n\n<li>A\u00e7\u0131lan pencereden &#8220;Profilini Kilitle&#8221; se\u00e7ene\u011fini se\u00e7in.\u00a0<\/li>\n\n\n\n<li>Bilgilendirme ekran\u0131n\u0131 inceleyip i\u015flemi onaylay\u0131n.\u00a0<\/li>\n<\/ol>\n\n\n\n<ol start=\"2\" class=\"wp-block-list\"><\/ol>\n\n\n\n<ol start=\"3\" class=\"wp-block-list\"><\/ol>\n\n\n\n<ol start=\"4\" class=\"wp-block-list\"><\/ol>\n\n\n\n<ol start=\"5\" class=\"wp-block-list\"><\/ol>\n\n\n\n<p>Art\u0131k hesab\u0131n\u0131z, profil kilitleme \u00f6zelli\u011fi sayesinde sadece arkada\u015flar\u0131n\u0131za a\u00e7\u0131k olacak \u015fekilde g\u00fcvenli hale gelmi\u015f durumda!&nbsp;<\/p>\n\n\n\n<h2 class=\"wp-block-heading\"><span class=\"ez-toc-section\" id=\"Kilitleme_Sonrasi_Gorunum\"><\/span>Kilitleme Sonras\u0131 G\u00f6r\u00fcn\u00fcm\u00a0<span class=\"ez-toc-section-end\"><\/span><\/h2>\n\n\n\n<p>Profil kilitleme \u00f6zelli\u011fi aktif hale geldi\u011finde profiliniz d\u0131\u015far\u0131dan (yani arkada\u015f olmayan ki\u015filer taraf\u0131ndan) \u015fu \u015fekilde g\u00f6r\u00fcn\u00fcr:&nbsp;<\/p>\n\n\n\n<ul class=\"wp-block-list\">\n<li><strong>Profil foto\u011fraf\u0131n\u0131z k\u00fc\u00e7\u00fck g\u00f6r\u00fcn\u00fcr ve b\u00fcy\u00fct\u00fclemez.<\/strong>\u00a0<\/li>\n\n\n\n<li><strong>Kapak foto\u011fraf\u0131n\u0131z sabit kal\u0131r, ancak detaylar gizlenir.<\/strong>\u00a0<\/li>\n\n\n\n<li><strong>Payla\u015f\u0131mlar\u0131n\u0131z\u0131n \u00e7o\u011fu sadece arkada\u015flar\u0131n\u0131za g\u00f6r\u00fcn\u00fcr.<\/strong>\u00a0<\/li>\n\n\n\n<li><strong>Hakk\u0131nda k\u0131sm\u0131ndaki bilgiler s\u0131n\u0131rl\u0131 hale gelir.<\/strong>\u00a0<\/li>\n\n\n\n<li><strong>Ge\u00e7mi\u015fte yapt\u0131\u011f\u0131n\u0131z herkese a\u00e7\u0131k payla\u015f\u0131mlar gizlenir.<\/strong>\u00a0<\/li>\n<\/ul>\n\n\n\n<p>Bu g\u00f6r\u00fcn\u00fcm, sizin bilgilerinizi koruma alt\u0131na al\u0131r. \u00d6zellikle k\u00f6t\u00fc niyetli ki\u015filerin profilinizi kopyalamas\u0131, ekran g\u00f6r\u00fcnt\u00fcs\u00fc al\u0131p farkl\u0131 yerlerde kullanmas\u0131 veya sizinle ilgili bilgi toplamas\u0131 b\u00fcy\u00fck oranda engellenmi\u015f olur. E\u011fer profilinizi tekrar a\u00e7may\u0131 d\u00fc\u015f\u00fcn\u00fcrseniz <a href=\"https:\/\/takipci.shop\/facebook-takipci-satin-al\" target=\"_blank\" rel=\"noreferrer noopener\">Facebook hesap etkile\u015fimini art\u0131rma<\/a> konusunda \u00f6nemli ad\u0131mlar atmay\u0131 unutmay\u0131n.\u00a0<\/p>\n\n\n\n<h2 class=\"wp-block-heading\"><span class=\"ez-toc-section\" id=\"Profil_Kilitleme_Avantajlari\"><\/span>Profil Kilitleme Avantajlar\u0131\u00a0<span class=\"ez-toc-section-end\"><\/span><\/h2>\n\n\n\n<p>Facebook profil kilitleme \u00f6zelli\u011fi yaln\u0131zca gizlilik sa\u011flamakla kalmaz, ayn\u0131 zamanda hesab\u0131n\u0131z\u0131 bir\u00e7ok a\u00e7\u0131dan koruma alt\u0131na al\u0131r. \u0130\u015fte bu \u00f6zelli\u011fin sundu\u011fu baz\u0131 temel avantajlar:&nbsp;<\/p>\n\n\n\n<p><strong>Gizlilik Artar<\/strong>\u00a0<\/p>\n\n\n\n<ul class=\"wp-block-list\">\n<li>Bilgileriniz sadece arkada\u015flar\u0131n\u0131z taraf\u0131ndan g\u00f6r\u00fclebilir.\u00a0<\/li>\n\n\n\n<li>Tan\u0131mad\u0131\u011f\u0131n\u0131z ki\u015filerin sizinle ilgili bilgi toplamas\u0131 engellenir.\u00a0<\/li>\n<\/ul>\n\n\n\n<p><strong>G\u00fcvenlik Y\u00fckselir<\/strong>\u00a0<\/p>\n\n\n\n<ul class=\"wp-block-list\">\n<li>Hesab\u0131n\u0131z\u0131n sahte hesaplar taraf\u0131ndan kopyalanma riski azal\u0131r.\u00a0<\/li>\n\n\n\n<li>K\u00f6t\u00fc ama\u00e7l\u0131 g\u00f6r\u00fcnt\u00fclemelere kar\u015f\u0131 koruma sa\u011flar.\u00a0<\/li>\n<\/ul>\n\n\n\n<p><strong>Sosyal Rahatl\u0131k<\/strong>\u00a0<\/p>\n\n\n\n<ul class=\"wp-block-list\">\n<li>Sizi tan\u0131mayan ki\u015filerden gelen rahats\u0131z edici mesajlar ve arkada\u015fl\u0131k istekleri azal\u0131r.\u00a0<\/li>\n\n\n\n<li>Payla\u015f\u0131mlar\u0131n\u0131zda kendinizi daha \u00f6zg\u00fcr hissedersiniz.\u00a0<\/li>\n<\/ul>\n\n\n\n<p><strong>Otomatik Koruma<\/strong>\u00a0<\/p>\n\n\n\n<ul class=\"wp-block-list\">\n<li>Eski g\u00f6nderileriniz i\u00e7in manuel olarak gizlilik ayar\u0131 yapman\u0131za gerek kalmaz.\u00a0<\/li>\n\n\n\n<li>Tek t\u0131klamayla geni\u015f \u00e7apta gizlilik uygulan\u0131r.\u00a0<\/li>\n<\/ul>\n\n\n\n<p>\u00d6zellikle gen\u00e7 kullan\u0131c\u0131lar, kamu personeli ve ki\u015fisel g\u00fcvenli\u011fini \u00f6nemseyen herkes i\u00e7in bu \u00f6zellik hayat kurtar\u0131c\u0131d\u0131r.&nbsp;<\/p>\n\n\n\n<h2 class=\"wp-block-heading\"><span class=\"ez-toc-section\" id=\"Sonuc_Guvenliginizi_Artirin_Facebooku_Daha_Rahat_Kullanin\"><\/span>Sonu\u00e7: G\u00fcvenli\u011finizi Art\u0131r\u0131n, Facebook&#8217;u Daha Rahat Kullan\u0131n\u00a0<span class=\"ez-toc-section-end\"><\/span><\/h2>\n\n\n\n<p>Facebook, sosyal ileti\u015fim i\u00e7in vazge\u00e7ilmez bir platform olabilir; ancak gizlilik s\u00f6z konusu oldu\u011funda dikkatli olmak gerekir. <strong>Facebook profil kilitleme<\/strong> \u00f6zelli\u011fi sayesinde, sadece arkada\u015flar\u0131n\u0131zla ileti\u015fim kurabilir, \u00f6zel hayat\u0131n\u0131z\u0131 koruma alt\u0131na alabilirsiniz.&nbsp;<\/p>\n\n\n\n<p>Unutmay\u0131n, dijital d\u00fcnyada ataca\u011f\u0131n\u0131z k\u00fc\u00e7\u00fck bir ad\u0131m, sizi b\u00fcy\u00fck tehlikelerden koruyabilir. Bu yaz\u0131daki ad\u0131mlar\u0131 izleyerek siz de Facebook hesab\u0131n\u0131z\u0131 daha g\u00fcvenli hale getirebilirsiniz.&nbsp;<\/p>\n","protected":false},"excerpt":{"rendered":"<p>Facebook profil kilitleme nas\u0131l yap\u0131l\u0131r? Gizlilik ayarlar\u0131 ve hesap koruma ipu\u00e7lar\u0131yla Facebook deneyiminizi daha g\u00fcvenli hale getirin.<\/p>\n","protected":false},"author":6,"featured_media":15607,"comment_status":"open","ping_status":"open","sticky":false,"template":"","format":"standard","meta":{"footnotes":""},"categories":[2],"tags":[],"class_list":["post-15606","post","type-post","status-publish","format-standard","has-post-thumbnail","hentry","category-facebook-destek","entry"],"_links":{"self":[{"href":"https:\/\/takipci.shop\/blog\/wp-json\/wp\/v2\/posts\/15606","targetHints":{"allow":["GET"]}}],"collection":[{"href":"https:\/\/takipci.shop\/blog\/wp-json\/wp\/v2\/posts"}],"about":[{"href":"https:\/\/takipci.shop\/blog\/wp-json\/wp\/v2\/types\/post"}],"author":[{"embeddable":true,"href":"https:\/\/takipci.shop\/blog\/wp-json\/wp\/v2\/users\/6"}],"replies":[{"embeddable":true,"href":"https:\/\/takipci.shop\/blog\/wp-json\/wp\/v2\/comments?post=15606"}],"version-history":[{"count":5,"href":"https:\/\/takipci.shop\/blog\/wp-json\/wp\/v2\/posts\/15606\/revisions"}],"predecessor-version":[{"id":15616,"href":"https:\/\/takipci.shop\/blog\/wp-json\/wp\/v2\/posts\/15606\/revisions\/15616"}],"wp:featuredmedia":[{"embeddable":true,"href":"https:\/\/takipci.shop\/blog\/wp-json\/wp\/v2\/media\/15607"}],"wp:attachment":[{"href":"https:\/\/takipci.shop\/blog\/wp-json\/wp\/v2\/media?parent=15606"}],"wp:term":[{"taxonomy":"category","embeddable":true,"href":"https:\/\/takipci.shop\/blog\/wp-json\/wp\/v2\/categories?post=15606"},{"taxonomy":"post_tag","embeddable":true,"href":"https:\/\/takipci.shop\/blog\/wp-json\/wp\/v2\/tags?post=15606"}],"curies":[{"name":"wp","href":"https:\/\/api.w.org\/{rel}","templated":true}]}}