{"id":15171,"date":"2023-08-11T15:23:25","date_gmt":"2023-08-11T12:23:25","guid":{"rendered":"https:\/\/takipci.shop\/blog\/?p=15171"},"modified":"2024-02-21T11:39:59","modified_gmt":"2024-02-21T08:39:59","slug":"instagram-uygulamadan-atiyor","status":"publish","type":"post","link":"https:\/\/takipci.shop\/blog\/instagram-uygulamadan-atiyor","title":{"rendered":"Instagram Uygulamadan At\u0131yor"},"content":{"rendered":"\n<p><strong>Instagram uygulamadan at\u0131yor<\/strong> sorununu inceleyece\u011fiz. Instagram s\u00fcrekli uygulamadan at\u0131yor olabilir. iOS program\u0131 kullanan ya da android i\u015fletim sistemine sahip telefonlar\u0131n \u00f6n belle\u011fi vard\u0131r.&nbsp;Bu \u00f6n bellek a\u00e7\u0131k olan uygulamar\u0131n an\u0131nda y\u00fcklenmesi ve size a\u00e7\u0131lmas\u0131 i\u00e7in kullan\u0131l\u0131r.&nbsp;\u00d6n bellek belirli bir alan\u0131 kapsayabilir ve birden fazla uygulama a\u00e7\u0131k oldu\u011fu zaman kendili\u011finden kapanabilir. &nbsp;A\u00e7\u0131lan herhangi bir mobil uygulama t\u00fcm telefonlarda \u00f6n bellekte a\u00e7\u0131k kal\u0131r. Siz kapatana kadar internet kullanmaya devam eder, telefonunuzun \u015farj\u0131n\u0131 kullan\u0131r hem de di\u011fer t\u00fcm uygulamalar\u0131n \u00e7al\u0131\u015fmas\u0131n\u0131 yava\u015flat\u0131r. S\u00fcrekli a\u00e7\u0131p kapatt\u0131\u011f\u0131n\u0131z bir uygulama varsa onu direk do\u011frudan etkiler. Instagram durduruldu hatas\u0131 genel olarak telefonun \u00f6n belle\u011finin yetersiz kalmas\u0131, a\u015f\u0131r\u0131 yo\u011fun \u00e7al\u0131\u015fmas\u0131 ya da internet ba\u011flant\u0131s\u0131 kaynakl\u0131 olabilir. Bu yaz\u0131m\u0131zda sizin i\u00e7in Instagram uygulamadan at\u0131yor sorununu ve bu sorunun \u00e7\u00f6z\u00fcmlerini inceleyece\u011fiz. Umar\u0131z sizin i\u00e7in faydal\u0131 bir i\u00e7erik olur.<\/p>\n\n\n\n<figure class=\"wp-block-embed is-type-video is-provider-youtube wp-block-embed-youtube wp-embed-aspect-16-9 wp-has-aspect-ratio\"><div class=\"wp-block-embed__wrapper\">\n<iframe title=\"Instagram Uygulamadan At\u0131yor SORUNU &amp; \u00c7\u00d6Z\u00dcM\u00dc 2020\" width=\"640\" height=\"360\" src=\"https:\/\/www.youtube.com\/embed\/9Zr3dXnc0gw?feature=oembed\" frameborder=\"0\" allow=\"accelerometer; autoplay; clipboard-write; encrypted-media; gyroscope; picture-in-picture; web-share\" referrerpolicy=\"strict-origin-when-cross-origin\" allowfullscreen><\/iframe><script type=\"application\/ld+json\">\n    {\n      \"@context\": \"https:\/\/schema.org\",\n      \"@type\": \"VideoObject\",\n      \"name\": \"Instagram Uygulamadan At\u0131yor SORUNU &amp; \u00c7\u00d6Z\u00dcM\u00dc 2020\",\n      \"description\": \"Instagram Uygulamadan At\u0131yor\",\n      \"thumbnailUrl\": \"https:\/\/i.ytimg.com\/vi_webp\/9Zr3dXnc0gw\/mqdefault.webp\",\n      \"embedUrl\": \"https:\/\/www.youtube.com\/embed\/9Zr3dXnc0gw?feature=oembed\",\n      \"uploadDate\": \"February 21, 2024 8:39 am\"\n    }\n    <\/script>\n<\/div><\/figure>\n\n\n\n<h2 class=\"wp-block-heading\"><span class=\"ez-toc-section\" id=\"Instagram_Uygulamadan_Atma_Sorunu\"><\/span><strong>Instagram Uygulamadan Atma Sorunu<\/strong><span class=\"ez-toc-section-end\"><\/span><\/h2>\n\n\n\n<p>\u0130nstagram hesab\u0131n\u0131za girdi\u011finiz an sistemin otomatik olarak cihazdan sizi atm\u0131\u015f olmas\u0131 \u0130nstagram uygulamadan atma sorunu anlam\u0131na gelir. \u0130nstagram uygulamas\u0131na girdi\u011finiz zaman uygulama kendi kendini otomatik olarak durdurur. Bu durumda \u0130nstagram durduruldu hatas\u0131 s\u00f6z konusu olacakt\u0131r. Bunu kimi zaman \u0130nstagram donuyor olarak da alg\u0131layabilirsiniz. Baz\u0131 teknik hatalar \u0130nstagram uygulamas\u0131na girmenize izin vermeyerek bu uygulamadan uzak kalman\u0131za neden olur. Bu tip bir sorun ile kar\u015f\u0131la\u015fmak istemiyorsan\u0131z cihaz\u0131n\u0131z\u0131n genel kontrollerini yapmaya \u00f6zen g\u00f6stermeniz son derece b\u00fcy\u00fck bir \u00f6nem ta\u015f\u0131r.&nbsp;Burada yap\u0131lmas\u0131 gerekli olan kontrol her zaman i\u00e7in \u0130nstagram uygulamas\u0131n\u0131n y\u00fckl\u00fc oldu\u011fu cihaz\u0131n\u0131z\u0131n \u00f6n belle\u011finin dolu olup olmad\u0131\u011f\u0131ndan emin olmakt\u0131r. Ayr\u0131ca cihaz\u0131n\u0131z\u0131n i\u015fletim sisteminde bir problem olup olmad\u0131\u011f\u0131n\u0131 her an i\u00e7in kontrol etmek iyi olacakt\u0131r.<\/p>\n\n\n\n<p><strong>Instagram Uygulamadan Atma Sebepleri<\/strong><\/p>\n\n\n\n<p>\u0130nstagram uygulamas\u0131 s\u00fcrekli at\u0131yor gibi bir sorun ya\u015f\u0131yorsan\u0131z bu sorunun alt\u0131nda yatan bir sebep mutlaka vard\u0131r. \u0130nstagram uygulamadan neden atar konusu ile ilgili olarak ilk akla gelen sebep cihaz\u0131n bellek sorunu olacakt\u0131r. Cihaz\u0131n \u00f6n belle\u011fi dolu ise o zaman instagram uygulamas\u0131 s\u00fcrekli olarak hata verecektir. &nbsp;Iphone marka cihazlarda bu sorun ile \u00e7ok daha s\u0131k kar\u015f\u0131la\u015f\u0131lmas\u0131n\u0131n nedeni Iphone cihazlar\u0131n, her uygulamay\u0131 direkt olarak \u00f6n belle\u011fe kaydediyor olmas\u0131d\u0131r. &nbsp;\u0130\u015fletim sistemi ile ilgili bir sorundan da kaynakl\u0131 olabilir. Di\u011fer sorunlar\u0131 sizin i\u00e7in s\u0131ralad\u0131k:<\/p>\n\n\n\n<ol class=\"wp-block-list\">\n<li>Cihaz\u0131n\u0131z Instagram uygulamas\u0131n\u0131n s\u00fcr\u00fcm\u00fc i\u00e7in gereken yeterlilikte olmayabilir.<\/li>\n\n\n\n<li>Instagram uygulamas\u0131 g\u00fcncel son s\u00fcr\u00fcmde olmayabilir.<\/li>\n\n\n\n<li>C\u0131haz\u0131n\u0131za dair problemler olabilir.<\/li>\n\n\n\n<li>Instagram uygulamas\u0131n\u0131n s\u00fcr\u00fcm\u00fcne dair problemler olabilir.<\/li>\n<\/ol>\n\n\n\n<h2 class=\"wp-block-heading\"><span class=\"ez-toc-section\" id=\"Instagram_Uygulamadan_Atiyor_Cozumu\"><\/span><strong>Instagram Uygulamadan At\u0131yor \u00c7\u00f6z\u00fcm\u00fc<\/strong><span class=\"ez-toc-section-end\"><\/span><\/h2>\n\n\n\n<p>Belirtti\u011fimiz sebeplerden dolay\u0131 Intagram, uygulamadan atma sorunu yaratabiliyor. Bu sorunun \u00e7\u00f6z\u00fcmlerini sizin i\u00e7in s\u0131ralad\u0131k:<\/p>\n\n\n\n<ol class=\"wp-block-list\">\n<li>Kullan\u0131lmas\u0131 gereken yeterli s\u00fcr\u00fcm g\u00fcncellenebilir.<\/li>\n\n\n\n<li>Instagram en g\u00fcncel sunumla g\u00fccellenebilir.<\/li>\n\n\n\n<li>Cihaz\u0131n\u0131z\u0131 teknik servise g\u00f6t\u00fcrerek herhangi bir s\u0131k\u0131nt\u0131s\u0131n\u0131n olup olmad\u0131\u011f\u0131n\u0131 \u00f6\u011frenebilirsiniz.<\/li>\n\n\n\n<li>Problemin \u00e7\u00f6z\u00fclmesi i\u00e7in destek ekibine ula\u015fabilirsiniz.<\/li>\n\n\n\n<li>Hesab\u0131n\u0131za gir \u00e7\u0131k yapabilirsiniz.<\/li>\n\n\n\n<li>Uygulamay\u0131 silip tekrar y\u00fckleyebilirsiniz.<\/li>\n<\/ol>\n\n\n\n<p>Problemin neden oldu\u011funa dair detaylar\u0131 \u00f6\u011frenmek ve \u00e7\u00f6z\u00fcm hakk\u0131nda bilgi almak i\u00e7in yap\u0131lmas\u0131 gereken \u015fey destek ekibine ula\u015fmakt\u0131r. B\u00f6ylece kolayl\u0131kla i\u015flem ger\u00e7ekle\u015ftirmek ve detayl\u0131 bilgi \u00f6\u011frenerek sorunu \u00e7\u00f6zmek m\u00fcmk\u00fcnd\u00fcr. Bu problemi hala ya\u015fayanlar g\u00fcncel s\u00fcr\u00fcm\u00fc kullan\u0131p kullanmad\u0131\u011f\u0131n\u0131 kontrol etmeli. Cihaz\u0131n\u0131n bu s\u00fcr\u00fcm i\u00e7in yeterli olup olmad\u0131\u011f\u0131n\u0131 \u00f6\u011frenmelisiniz.<\/p>\n\n\n\n<h2 class=\"wp-block-heading\"><span class=\"ez-toc-section\" id=\"Sonuc\"><\/span><strong>Sonu\u00e7<\/strong><span class=\"ez-toc-section-end\"><\/span><\/h2>\n\n\n\n<p>Instagram neden uygulamadan at\u0131yor sorununu sizin i\u00e7in detayl\u0131 bir \u015fekilde inceledik. \u00c7\u00f6z\u00fcmleri takip etmenin sorununuzu \u00e7\u00f6zmenize kesinlikle yard\u0131mc\u0131 olaca\u011f\u0131n\u0131 umuyoruz. &nbsp;T\u00fcm y\u00f6ntemler kullan\u0131\u015fl\u0131d\u0131r ve bir\u00e7ok kullan\u0131c\u0131n\u0131n bu durumla ba\u015fa \u00e7\u0131kmas\u0131na yard\u0131mc\u0131 olmu\u015ftur. Bu nedenle, bu t\u00fcr bir sorun veya hata mesaj\u0131yla kar\u015f\u0131la\u015ft\u0131\u011f\u0131n\u0131zda, bu blogdaki \u00e7\u00f6z\u00fcmleri izleyin ve sorunu kolayca \u00e7\u00f6z\u00fcn. Umar\u0131z bu yaz\u0131 sizin i\u00e7in faydal\u0131 bir yaz\u0131 olmu\u015ftur.<\/p>\n\n\n\n<p><a href=\"https:\/\/takipci.shop\/instagram-id-bulma-araci\">Instagram id bulma<\/a> arac\u0131m\u0131z hakk\u0131nda hemen bilgi sahibi olun!<\/p>\n\n\n<div id=\"rank-math-faq\" class=\"rank-math-block\">\n<div class=\"rank-math-list \">\n<div id=\"faq-question-1691756043501\" class=\"rank-math-list-item\">\n<h3 class=\"rank-math-question \">Instagram&#8217;\u0131m neden y\u00fcklenmiyor?<\/h3>\n<div class=\"rank-math-answer \">\n\n<p>Instagram&#8217;\u0131n\u0131z y\u00fcklenmiyorsa, bunun arkas\u0131nda \u00e7e\u015fitli nedenler olabilir. Zay\u0131f bir a\u011f ba\u011flant\u0131s\u0131, Instagram sunucusuyla ilgili bir sorun, foto\u011fraf\u0131n dosya format\u0131 veya boyutuyla ilgili k\u0131s\u0131tlamalar veya cihaz\u0131n\u0131zla ilgili sorunlar olabilir. \u0130nternet ba\u011flant\u0131n\u0131z\u0131 kontrol edin, foto\u011fraf\u0131n Instagram&#8217;\u0131n gereksinimlerini kar\u015f\u0131lad\u0131\u011f\u0131ndan emin olun ve tekrar y\u00fcklemeyi deneyin. Sorun devam ederse, \u00f6nbelle\u011fi temizleme, uygulamay\u0131 g\u00fcncelleme veya Instagram deste\u011fiyle ileti\u015fime ge\u00e7me gibi sorun giderme ad\u0131mlar\u0131n\u0131 deneyin.<\/p>\n\n<\/div>\n<\/div>\n<div id=\"faq-question-1691756084994\" class=\"rank-math-list-item\">\n<h3 class=\"rank-math-question \">Bir resim g\u00f6ndermeye \u00e7al\u0131\u015ft\u0131\u011f\u0131mda Instagram&#8217;\u0131m neden \u00e7\u00f6k\u00fcyor?<\/h3>\n<div class=\"rank-math-answer \">\n\n<p>Bir resim g\u00f6ndermeye \u00e7al\u0131\u015ft\u0131\u011f\u0131n\u0131zda Instagram&#8217;\u0131n \u00e7\u00f6kmesinin birka\u00e7 nedeni olabilir. Eski bir uygulama s\u00fcr\u00fcm\u00fc, yetersiz cihaz depolama alan\u0131, \u00fc\u00e7\u00fcnc\u00fc taraf uygulamalar veya filtrelerle \u00e7ak\u0131\u015fmalar, a\u011f ba\u011flant\u0131s\u0131 sorunlar\u0131 veya yaz\u0131l\u0131m aksakl\u0131klar\u0131 olabilir. Sorunu \u00e7\u00f6zmek i\u00e7in uygulama \u00f6nbelle\u011fini temizlemek, uygulamay\u0131 g\u00fcncellemek veya yeniden y\u00fcklemek gibi sorun giderme ad\u0131mlar\u0131n\u0131 deneyin.<\/p>\n\n<\/div>\n<\/div>\n<div id=\"faq-question-1691756114784\" class=\"rank-math-list-item\">\n<h3 class=\"rank-math-question \">G\u00f6nderi yapmaya \u00e7al\u0131\u015ft\u0131\u011f\u0131mda Instagram neden donuyor?<\/h3>\n<div class=\"rank-math-answer \">\n\n<p>G\u00f6nderi yapmaya \u00e7al\u0131\u015ft\u0131\u011f\u0131n\u0131zda Instagram&#8217;\u0131n donmas\u0131, \u00e7\u00f6kmelere neden olan benzer fakt\u00f6rlere ba\u011flanabilir. G\u00fcncel olmayan uygulama s\u00fcr\u00fcmleri, d\u00fc\u015f\u00fck cihaz depolama alan\u0131, \u00e7ak\u0131\u015fan uygulamalar veya filtreler, a\u011f sorunlar\u0131 veya yaz\u0131l\u0131m hatalar\u0131ndan kaynaklan\u0131yor olabilir. Uygulama \u00f6nbelle\u011fini temizlemek, uygulamay\u0131 g\u00fcncellemek veya sistem g\u00fcncellemelerini kontrol etmek genellikle bu sorunu \u00e7\u00f6zmeye yard\u0131mc\u0131 olabilir.<\/p>\n\n<\/div>\n<\/div>\n<\/div>\n<\/div>","protected":false},"excerpt":{"rendered":"<p>Instagram uygulamadan at\u0131yor sorununu inceleyece\u011fiz. Instagram s\u00fcrekli uygulamadan at\u0131yor olabilir. iOS program\u0131 kullanan ya da android i\u015fletim sistemine sahip telefonlar\u0131n \u00f6n belle\u011fi vard\u0131r.&nbsp;Bu \u00f6n bellek a\u00e7\u0131k olan uygulamar\u0131n an\u0131nda y\u00fcklenmesi [&hellip;]<\/p>\n","protected":false},"author":1,"featured_media":15195,"comment_status":"open","ping_status":"open","sticky":false,"template":"","format":"standard","meta":{"footnotes":""},"categories":[3],"tags":[],"class_list":["post-15171","post","type-post","status-publish","format-standard","has-post-thumbnail","hentry","category-instagram-destek","entry"],"_links":{"self":[{"href":"https:\/\/takipci.shop\/blog\/wp-json\/wp\/v2\/posts\/15171","targetHints":{"allow":["GET"]}}],"collection":[{"href":"https:\/\/takipci.shop\/blog\/wp-json\/wp\/v2\/posts"}],"about":[{"href":"https:\/\/takipci.shop\/blog\/wp-json\/wp\/v2\/types\/post"}],"author":[{"embeddable":true,"href":"https:\/\/takipci.shop\/blog\/wp-json\/wp\/v2\/users\/1"}],"replies":[{"embeddable":true,"href":"https:\/\/takipci.shop\/blog\/wp-json\/wp\/v2\/comments?post=15171"}],"version-history":[{"count":4,"href":"https:\/\/takipci.shop\/blog\/wp-json\/wp\/v2\/posts\/15171\/revisions"}],"predecessor-version":[{"id":15448,"href":"https:\/\/takipci.shop\/blog\/wp-json\/wp\/v2\/posts\/15171\/revisions\/15448"}],"wp:featuredmedia":[{"embeddable":true,"href":"https:\/\/takipci.shop\/blog\/wp-json\/wp\/v2\/media\/15195"}],"wp:attachment":[{"href":"https:\/\/takipci.shop\/blog\/wp-json\/wp\/v2\/media?parent=15171"}],"wp:term":[{"taxonomy":"category","embeddable":true,"href":"https:\/\/takipci.shop\/blog\/wp-json\/wp\/v2\/categories?post=15171"},{"taxonomy":"post_tag","embeddable":true,"href":"https:\/\/takipci.shop\/blog\/wp-json\/wp\/v2\/tags?post=15171"}],"curies":[{"name":"wp","href":"https:\/\/api.w.org\/{rel}","templated":true}]}}