{"id":14165,"date":"2020-05-18T11:33:54","date_gmt":"2020-05-18T08:33:54","guid":{"rendered":"https:\/\/takipci.shop\/blog\/?p=14165"},"modified":"2026-02-20T17:10:06","modified_gmt":"2026-02-20T14:10:06","slug":"instagramda-baskasinin-hikayesini-paylasma","status":"publish","type":"post","link":"https:\/\/takipci.shop\/blog\/instagramda-baskasinin-hikayesini-paylasma","title":{"rendered":"Instagramda Ba\u015fkas\u0131n\u0131n Hikayesini Payla\u015fma"},"content":{"rendered":"\n<p>Geni\u015f bir kullan\u0131c\u0131 kitlesine sahip olan Instagram bu kapsamda sahip oldu\u011fu e\u015fsiz \u00f6zellikleriyle Tiktok platformuna oranla daha h\u0131zl\u0131 bir \u015fekilde b\u00fcy\u00fcme g\u00f6steriyor. Geni\u015f \u00f6zellikleriyle dikkat \u00e7eken Instagram bu do\u011frultuda milyonlarca kullan\u0131c\u0131s\u0131na e\u015fsiz e\u011flenceli s\u00fcre\u00e7ler sunuyor. Kolay bir kullan\u0131ma sahip olan platform pek \u00e7ok sosyal mesajla\u015fma sistemlerinden farkl\u0131 i\u015fleyi\u015fe sahiptir. Uygulama bu kapsamda masa\u00fcst\u00fc bilgisayar \u00fczerinden kullan\u0131labildi\u011fi gibi Android ve \u0130OS i\u015fletimli ak\u0131ll\u0131 cep telefonlar\u0131 \u00fczerinden de kullan\u0131labiliyor. Instagram ba\u015fkas\u0131n\u0131n hikayesini payla\u015fma ile ilgili t\u00fcm detaylar.<\/p>\n\n\n\n<p>G\u00fcnden g\u00fcne yeni \u00f6zellikler b\u00fcnyesine katan Instagram \u015fimdi\nde kullan\u0131c\u0131lar taraf\u0131ndan da merak edilen ba\u015fkas\u0131n\u0131n hikayesini payla\u015fma\n\u00f6zelli\u011fi b\u00fcnyesine ilave etmi\u015ftir. Facebook sosyal payla\u015f\u0131m sitesinin sahibine\nait olan Instagram uygulamas\u0131nda da art\u0131k milyonlarca kullan\u0131c\u0131lar di\u011fer\nkullan\u0131c\u0131lara ait olan hikaye k\u0131s\u0131mlar\u0131n\u0131 <strong>Instagram\u2019da ba\u015fkas\u0131n\u0131n<\/strong> <strong>hikayesini<\/strong>\n<strong>payla\u015fma<\/strong> ile sorunsuz bir \u015fekilde payla\u015fabilecektir.<\/p>\n\n\n\n<h2 class=\"wp-block-heading\"><span class=\"ez-toc-section\" id=\"Instagram_Uygulamasinda_Baskasina_Ait_Hikayelerin_Paylasilmasi_Hakkinda_Bilinmesi_Gerekenler\"><\/span>Instagram Uygulamas\u0131nda Ba\u015fkas\u0131na Ait Hikayelerin Payla\u015f\u0131lmas\u0131 Hakk\u0131nda Bilinmesi Gerekenler<span class=\"ez-toc-section-end\"><\/span><\/h2>\n\n\n\n<p>Instagram uygulamas\u0131nda ba\u015fkas\u0131na ait hikayeleri payla\u015fmak\nistedi\u011finizde ilk olarak uygulamada kay\u0131t olman\u0131z gerekiyor. Instagram&#8217;da \u00fccretsiz\nolarak bilgisayar\u0131n\u0131zdan veya mobil cihaz\u0131n\u0131zdan hesap a\u00e7abilir ve kullan\u0131c\u0131\nad\u0131n\u0131z, \u015fifreniz \u00fczerinden <strong>Instagram\u2019da ba\u015fkas\u0131n\u0131n<\/strong> <strong>hikayesini<\/strong> <strong>payla\u015fma<\/strong>\nad\u0131mlar\u0131na ba\u015flayabilirsiniz. Instagram&#8217;da &#8221;@mention Sharing&#8221; ad\u0131ndaki bir\nuygulama yaln\u0131zca ilgili hikaye k\u0131sm\u0131nda yer alan \u00fcr\u00fcn\u00fc etiketleyen kullan\u0131c\u0131y\u0131\nilgilendiriyor. Kullan\u0131c\u0131lar hikayede etiketleme i\u015flemini ger\u00e7ekle\u015ftirmeden\n\u00f6nce uygulama taraf\u0131ndan s\u00f6z edilen kullan\u0131c\u0131lar 24 saat i\u00e7erisinde s\u00f6z edilen\nhikaye yeniden yay\u0131nlanabilir tarz\u0131nda bir uyar\u0131 alabilir. <\/p>\n\n\n<div class=\"wp-block-image\">\n<figure class=\"aligncenter size-large\"><a href=\"https:\/\/takipci.shop\/blog\/wp-content\/uploads\/2020\/05\/instagram-hikaye-paylasma.jpg\"><img decoding=\"async\" width=\"897\" height=\"533\" src=\"https:\/\/takipci.shop\/blog\/wp-content\/uploads\/2020\/05\/instagram-hikaye-paylasma.jpg\" alt=\"Instagram ba\u015fkas\u0131n\u0131n hikayesini payla\u015fma\" class=\"wp-image-14168\" srcset=\"https:\/\/takipci.shop\/blog\/wp-content\/uploads\/2020\/05\/instagram-hikaye-paylasma.jpg 897w, https:\/\/takipci.shop\/blog\/wp-content\/uploads\/2020\/05\/instagram-hikaye-paylasma-768x456.jpg 768w\" sizes=\"(max-width: 897px) 100vw, 897px\" \/><\/a><\/figure><\/div>\n\n\n<p>Bu uyar\u0131dan birka\u00e7 dakika i\u00e7erisinde kullan\u0131c\u0131n\u0131n adresine mesaj kanal\u0131 \u00fczerinden bunu hikayene ekle linki at\u0131l\u0131yor. Di\u011fer bir anlat\u0131mla Instagram \u00fczerinden bir arkada\u015f\u0131n\u0131z taraf\u0131ndan herhangi bir hikaye i\u00e7erisinde sizin hakk\u0131n\u0131zda bilgiler payla\u015f\u0131ld\u0131\u011f\u0131nda siz de tercihiniz do\u011frultusunda ilgili hikayeyi etiketleme hakk\u0131na sahip olabilirsiniz. Ayr\u0131ca tercihiniz do\u011frultusunda payla\u015f\u0131lan hikayeye foto\u011fraf veya video gibi ek aktiviteler de ilave edebilirsiniz. Hikayeyi payla\u015fmak istedi\u011finizde \u00fczerinde \u00e7e\u015fitli r\u00f6tu\u015flar ger\u00e7ekle\u015ftirebilirsiniz. Ancak kullan\u0131c\u0131lar hikayede sadece ilk payla\u015fan kullan\u0131c\u0131n\u0131n ad\u0131n\u0131 g\u00f6rebiliyor.<\/p>\n\n\n\n<h2 class=\"wp-block-heading\"><span class=\"ez-toc-section\" id=\"Instagram_Uzerinden_Diger_Kullanicilarin_Hikayesini_Paylasma\"><\/span>Instagram \u00dczerinden Di\u011fer Kullan\u0131c\u0131lar\u0131n Hikayesini Payla\u015fma<span class=\"ez-toc-section-end\"><\/span><\/h2>\n\n\n\n<p><strong>Instagram\u2019da ba\u015fkas\u0131n\u0131n<\/strong> <strong>hikayesini<\/strong> <strong>payla\u015fma<\/strong>\nyapt\u0131ktan sonra di\u011fer kullan\u0131c\u0131lar\u0131n hikayesini etiketledi\u011finiz takdirde size\nilk olarak bu konuda bilgilendirme mesaj\u0131 g\u00f6nderiliyor. Bu bilgilendirme mesaj\u0131\ni\u00e7erisinde yer alan linke t\u0131klayarak hikayeyi payla\u015fma \u015fans\u0131na sahip\nolabiliyorsunuz. Veya tercihiniz do\u011frultusunda direk arkada\u015f\u0131n\u0131z\u0131n linkine\nt\u0131klayarak da hikayeyi payla\u015fabilirsiniz. <\/p>\n\n\n\n<p>Bu faydal\u0131 \u00f6zellikten yararlanmak istedi\u011finizde g\u00fcncel Instagram\ns\u00fcr\u00fcm\u00fcne sahip oldu\u011funuzdan emin olarak Hikayeler k\u0131sm\u0131ndan bir arkada\u015f\u0131n\u0131z\ndeste\u011fiyle i\u015flem yapabilirsiniz. Instagram \u00fczerinden di\u011fer kullan\u0131c\u0131lara ait\nolan hikayeleri etiketledi\u011finizde ayr\u0131ca Hikayeler \u00f6zelli\u011fi hakk\u0131nda da\nbilgilerinizi kolay bir \u015fekilde peki\u015ftirebilirsiniz.<\/p>\n\n\n\n<h2 class=\"wp-block-heading\"><span class=\"ez-toc-section\" id=\"Sizin_Paylasimlarinizi_Diger_Instagram_Kullanicilari_Etiketleyebilir_mi\"><\/span>Sizin Payla\u015f\u0131mlar\u0131n\u0131z\u0131 Di\u011fer Instagram Kullan\u0131c\u0131lar\u0131 Etiketleyebilir mi?<span class=\"ez-toc-section-end\"><\/span><\/h2>\n\n\n\n<p>\u00d6zellikle hen\u00fcz yeni yeni Instagram uygulamas\u0131n\u0131 kullanmaya ba\u015flayanlar taraf\u0131ndan bu soru s\u0131kl\u0131kla soruluyor. <strong>Instagram\u2019da<\/strong> <strong>ba\u015fkas\u0131n\u0131n<\/strong> <strong>hikayesini<\/strong> <strong>payla\u015fma<\/strong> ile uygulamadaki payla\u015f\u0131mlar\u0131n\u0131z\u0131 di\u011fer kullan\u0131c\u0131lar taraf\u0131ndan da etiketlendi\u011fini belirtilebilir. Hikaye payla\u015f\u0131mlar\u0131 her iki taraftan da etiketlenebiliyor. Yani sizler kendi hikayelerinizi payla\u015ft\u0131\u011f\u0131n\u0131zda di\u011fer kullan\u0131c\u0131lar da ayn\u0131 \u015fekilde yukar\u0131daki ad\u0131mlar\u0131 takip ederek hikayelerinizi etiketleme hakk\u0131na sahiptirler. Bu i\u015flemi daha pratik bir \u015fekilde ger\u00e7ekle\u015ftirmek istedi\u011finizde mobil cihaz\u0131n\u0131z\u0131 tercih edebilirsiniz. \u0130nternet ba\u011flant\u0131n\u0131z\u0131n aktif oldu\u011fu mobil cihaz\u0131n\u0131zdan ba\u015fkas\u0131na ait hikayeleri etiketleme i\u015flemini saniyeler i\u00e7erisinde ger\u00e7ekle\u015ftirebilirsiniz. Instagram ba\u015fkas\u0131n\u0131n hikayesini payla\u015fma ile ilgili t\u00fcm detaylar\u0131 payla\u015ft\u0131k, bizi takipte kalmaya devam edin.<\/p>\n\n\n\n<p><a href=\"https:\/\/takipci.shop\/instagram-takipci-satin-al\" target=\"_blank\" rel=\"noreferrer noopener\">Instagram Takip\u00e7i Sat\u0131n Al<\/a> sayfam\u0131z\u0131 ziyaret ederek hizmetlerimiz hakk\u0131nda daha detayl\u0131 bilgiye ula\u015fabilirsiniz.<\/p>\n\n\n\n<figure class=\"wp-block-embed is-type-video is-provider-youtube wp-block-embed-youtube wp-embed-aspect-16-9 wp-has-aspect-ratio\"><div class=\"wp-block-embed__wrapper\">\n<iframe title=\"Instagram&#039;da bir ba\u015fkas\u0131n\u0131n hikayesi nas\u0131l indirilir?\" width=\"640\" height=\"360\" src=\"https:\/\/www.youtube.com\/embed\/Mha6BN7JWZs?feature=oembed\" frameborder=\"0\" allow=\"accelerometer; autoplay; clipboard-write; encrypted-media; gyroscope; picture-in-picture; web-share\" referrerpolicy=\"strict-origin-when-cross-origin\" allowfullscreen><\/iframe><script type=\"application\/ld+json\">\n    {\n      \"@context\": \"https:\/\/schema.org\",\n      \"@type\": \"VideoObject\",\n      \"name\": \"Instagram&#039;da bir ba\u015fkas\u0131n\u0131n hikayesi nas\u0131l indirilir?\",\n      \"description\": \"Instagramda Ba\u015fkas\u0131n\u0131n Hikayesini Payla\u015fma\",\n      \"thumbnailUrl\": \"https:\/\/i.ytimg.com\/vi_webp\/Mha6BN7JWZs\/mqdefault.webp\",\n      \"embedUrl\": \"https:\/\/www.youtube.com\/embed\/Mha6BN7JWZs?feature=oembed\",\n      \"uploadDate\": \"February 20, 2026 2:10 pm\"\n    }\n    <\/script>\n<\/div><\/figure>\n\n\n\n<p><a href=\"https:\/\/takipci.shop\/blog\/instagram-destek\/\">Instagram Destek<\/a>&nbsp;kategorisi yaz\u0131lar\u0131m\u0131z ile Instagram ile ilgili t\u00fcm yeniliklerden haberdar olun.<\/p>\n\n\n<div id=\"rank-math-faq\" class=\"rank-math-block\">\n<div class=\"rank-math-list \">\n<div id=\"faq-question-62b9a4861a02e\" class=\"rank-math-list-item\">\n<h3 class=\"rank-math-question \">Instagram Repost Nedir? <\/h3>\n<div class=\"rank-math-answer \">\n\n<p>Instagram repost, ba\u015fkalar\u0131 taraf\u0131ndan profillerinde payla\u015f\u0131lm\u0131\u015f olan i\u00e7eriklerin di\u011fer kullan\u0131c\u0131lar taraf\u0131ndan payla\u015f\u0131lmas\u0131 durumudur.<\/p>\n\n<\/div>\n<\/div>\n<div id=\"faq-question-62b9a4861a033\" class=\"rank-math-list-item\">\n<h3 class=\"rank-math-question \">Instagram Ba\u015fkas\u0131n\u0131n Hikayesi Nas\u0131l Payla\u015f\u0131l\u0131r? <\/h3>\n<div class=\"rank-math-answer \">\n\n<p>Instagram \u00fczerinde payla\u015f\u0131lm\u0131\u015f olan hikayelerden birine girerek, \u201cBunu Hikayeme Ekle\u201d se\u00e7ene\u011fi ile istedi\u011finiz hikayeyi payla\u015fman\u0131z m\u00fcmk\u00fcnd\u00fcr. <\/p>\n\n<\/div>\n<\/div>\n<div id=\"faq-question-62b9a4861a035\" class=\"rank-math-list-item\">\n<h3 class=\"rank-math-question \">Instagram Hikayelerimi Ba\u015fkalar\u0131 Payla\u015fabilir mi? <\/h3>\n<div class=\"rank-math-answer \">\n\n<p>Instagram profiliniz herkese a\u00e7\u0131k ise hikayeleriniz di\u011fer kullan\u0131c\u0131lar taraf\u0131ndan payla\u015f\u0131labilecektir. Profiliniz gizli ise b\u00f6yle bir durum s\u00f6z konusu olmayacakt\u0131r.  <\/p>\n\n<\/div>\n<\/div>\n<\/div>\n<\/div>","protected":false},"excerpt":{"rendered":"<p>Geni\u015f bir kullan\u0131c\u0131 kitlesine sahip olan Instagram bu kapsamda sahip oldu\u011fu e\u015fsiz \u00f6zellikleriyle Tiktok platformuna oranla daha h\u0131zl\u0131 bir \u015fekilde b\u00fcy\u00fcme g\u00f6steriyor. Geni\u015f \u00f6zellikleriyle dikkat \u00e7eken Instagram bu do\u011frultuda milyonlarca [&hellip;]<\/p>\n","protected":false},"author":3,"featured_media":14167,"comment_status":"open","ping_status":"open","sticky":false,"template":"","format":"standard","meta":{"footnotes":""},"categories":[3],"tags":[],"class_list":["post-14165","post","type-post","status-publish","format-standard","has-post-thumbnail","hentry","category-instagram-destek","entry"],"_links":{"self":[{"href":"https:\/\/takipci.shop\/blog\/wp-json\/wp\/v2\/posts\/14165","targetHints":{"allow":["GET"]}}],"collection":[{"href":"https:\/\/takipci.shop\/blog\/wp-json\/wp\/v2\/posts"}],"about":[{"href":"https:\/\/takipci.shop\/blog\/wp-json\/wp\/v2\/types\/post"}],"author":[{"embeddable":true,"href":"https:\/\/takipci.shop\/blog\/wp-json\/wp\/v2\/users\/3"}],"replies":[{"embeddable":true,"href":"https:\/\/takipci.shop\/blog\/wp-json\/wp\/v2\/comments?post=14165"}],"version-history":[{"count":4,"href":"https:\/\/takipci.shop\/blog\/wp-json\/wp\/v2\/posts\/14165\/revisions"}],"predecessor-version":[{"id":15849,"href":"https:\/\/takipci.shop\/blog\/wp-json\/wp\/v2\/posts\/14165\/revisions\/15849"}],"wp:featuredmedia":[{"embeddable":true,"href":"https:\/\/takipci.shop\/blog\/wp-json\/wp\/v2\/media\/14167"}],"wp:attachment":[{"href":"https:\/\/takipci.shop\/blog\/wp-json\/wp\/v2\/media?parent=14165"}],"wp:term":[{"taxonomy":"category","embeddable":true,"href":"https:\/\/takipci.shop\/blog\/wp-json\/wp\/v2\/categories?post=14165"},{"taxonomy":"post_tag","embeddable":true,"href":"https:\/\/takipci.shop\/blog\/wp-json\/wp\/v2\/tags?post=14165"}],"curies":[{"name":"wp","href":"https:\/\/api.w.org\/{rel}","templated":true}]}}