{"id":14133,"date":"2020-05-18T10:23:39","date_gmt":"2020-05-18T07:23:39","guid":{"rendered":"https:\/\/takipci.shop\/blog\/?p=14133"},"modified":"2023-04-20T09:28:44","modified_gmt":"2023-04-20T06:28:44","slug":"instagram-hikayede-kisi-etiketleme","status":"publish","type":"post","link":"https:\/\/takipci.shop\/blog\/instagram-hikayede-kisi-etiketleme","title":{"rendered":"Instagram Hikayede Ki\u015fi Etiketleme"},"content":{"rendered":"\n<p>D\u00fcnyan\u0131n en \u00e7ok kullan\u0131lan sosyal payla\u015f\u0131m platformlar\u0131ndan\nbiri olan Instagram bu kapsamda T\u00fcrkiye\u2019de de binlerce kullan\u0131c\u0131ya ev sahipli\u011fi\nyap\u0131yor. Profesyonel bir video ve resim payla\u015f\u0131m uygulamas\u0131 olan Instagram ezeli\nrakibi olarak g\u00f6rd\u00fc\u011f\u00fc Tiktok sitesine oranla daha h\u0131zl\u0131 bir b\u00fcy\u00fcme elde\netmi\u015ftir. E\u011flenceli bir dizayna sahip olan Instagram bu do\u011frultuda\nkullan\u0131c\u0131lar\u0131na e\u011flenceli saatler sunuyor. Son d\u00f6nemlerin en \u00e7ok tutulan\nuygulamalar\u0131 aras\u0131nda yer alan hikayeler k\u0131sm\u0131nda ise tercihe g\u00f6re kullan\u0131c\u0131lar\netiketlenebiliyor.<\/p>\n\n\n\n<h2 class=\"wp-block-heading\"><span class=\"ez-toc-section\" id=\"Instagram_Hikayede_Kisi_Etiketleme_Icin_Yapilmasi_Gerekenler\"><\/span>Instagram Hikayede Ki\u015fi Etiketleme \u0130\u00e7in Yap\u0131lmas\u0131 Gerekenler<span class=\"ez-toc-section-end\"><\/span><\/h2>\n\n\n\n<p><strong>Instagram<\/strong> <strong>hikayede<\/strong>\n<strong>ki\u015fi<\/strong> <strong>etiketleme<\/strong> i\u00e7in yap\u0131lmas\u0131 gerekenler olduk\u00e7a basittir. Bu\ni\u015flem i\u00e7in ilk olarak Instagram hesab\u0131na kullan\u0131c\u0131 ad\u0131 ve \u015fifresi \u00fczerinden\ngiri\u015f sa\u011flanmal\u0131d\u0131r. Bu i\u015flem sonras\u0131nda bu b\u00f6l\u00fcmde yer alan Hikayeler k\u0131sm\u0131na\ngiri\u015f sa\u011flanmal\u0131d\u0131r. Bu k\u0131sma giri\u015f yap\u0131ld\u0131ktan sonra diledi\u011finiz resim ve\nvideoyu ilave etmek i\u00e7in \u00fcst b\u00f6l\u00fcmde yer alan &#8221;Aa&#8221; sekmesine t\u0131klanmal\u0131d\u0131r. Bu\ni\u015flem sonras\u0131nda &#8221;@&#8221; yap\u0131lmal\u0131 ve etiketlenmek istenen bireyin kullan\u0131c\u0131 ismi\ngirilmelidir. <\/p>\n\n\n\n<p>Ayr\u0131ca bu i\u015flem s\u0131ras\u0131nda Instagram taraf\u0131ndan da otomatik bir \u015fekilde kullan\u0131c\u0131 listesi sunuluyor. Bu kapsamda listeye bakarak da diledi\u011finiz kullan\u0131c\u0131 ad\u0131n\u0131 tercih edebilirsiniz. Kullan\u0131c\u0131 ad\u0131n\u0131 tercih ettikten sonras\u0131nda hikayenizi payla\u015fabilirsiniz. Bu a\u015famadan itibaren etiketlemek istedi\u011finiz kullan\u0131c\u0131ya Instagram taraf\u0131ndan bildirim g\u00f6nderiliyor ve do\u011frultuda g\u00f6nderinizde ki\u015finin taraf\u0131n\u0131zdan etiketlendi\u011fine y\u00f6nelik bilgiler sunulacakt\u0131r.<\/p>\n\n\n\n<p><a href=\"https:\/\/takipci.shop\/blog\/instagram-video-etiketleme\" target=\"_blank\" rel=\"noreferrer noopener\">Instagram Video Etiketleme<\/a> Nas\u0131l Yap\u0131l\u0131r? Detayl\u0131 bilgi i\u00e7in t\u0131klay\u0131n!<\/p>\n\n\n<div class=\"wp-block-image\">\n<figure class=\"aligncenter size-large\"><a href=\"https:\/\/takipci.shop\/blog\/wp-content\/uploads\/2020\/05\/instagram-hikaye-kisi-ekleme.jpg\"><img decoding=\"async\" width=\"924\" height=\"640\" src=\"https:\/\/takipci.shop\/blog\/wp-content\/uploads\/2020\/05\/instagram-hikaye-kisi-ekleme-924x640.jpg\" alt=\"instagram hikayede ki\u015fi etiketleme\" class=\"wp-image-14136\"\/><\/a><\/figure><\/div>\n\n\n<h2 class=\"wp-block-heading\"><span class=\"ez-toc-section\" id=\"Instagram_Hikayeye_Kullanici_Etiketleyemediginizde_Yapmaniz_Gerekenler\"><\/span>Instagram Hikaye&#8217;ye Kullan\u0131c\u0131 Etiketleyemedi\u011finizde Yapman\u0131z Gerekenler<span class=\"ez-toc-section-end\"><\/span><\/h2>\n\n\n\n<p><strong>Instagram<\/strong> <strong>hikayede<\/strong>\n<strong>ki\u015fi<\/strong> <strong>etiketleme<\/strong> baz\u0131 durumlarda sorunlar meydana getirebilmektedir.\nBu durumda dikkat edilmesi gerekenlerden biri, kullan\u0131lan Instagram s\u00fcr\u00fcm\u00fcn\u00fcn\nyeni s\u00fcr\u00fcm olup olmad\u0131\u011f\u0131d\u0131r. \u00c7\u00fcnk\u00fc Instagram eski s\u00fcr\u00fcm\u00fcnde zaman zaman\nsistemsel aksakl\u0131klar s\u00f6z konusu olabiliyor. Bu bak\u0131mdan son s\u00fcr\u00fcm\u00fcn\nkullan\u0131lmas\u0131nda fayda bulunuyor. Baz\u0131 durumlarda sistem taraf\u0131ndan\nger\u00e7ekle\u015ftirilmeyen g\u00fcncellemeler de <strong>Instagram<\/strong>\n<strong>hikayede<\/strong> <strong>ki\u015fi<\/strong> <strong>etiketleme<\/strong> \u00f6nleyebiliyor. G\u00fcncelleme i\u015flemi\nger\u00e7ekle\u015ftirmek i\u00e7in Google Play Store veya Apple Play Store uygulamalar\u0131na\nba\u015fvurulabilir. <\/p>\n\n\n\n<p>Dikkat edilmesi gerekenlerden biri de internet ba\u011flant\u0131s\u0131n\u0131n\naktif olmas\u0131d\u0131r. \u0130nternet ba\u011flant\u0131s\u0131n\u0131n kesilmesi de Instagram&#8217;da hikayeye\nkullan\u0131c\u0131 etiketlenmesinde sorun olu\u015fmas\u0131na yol a\u00e7abiliyor. Mobil veriye sahip\nolunmas\u0131 durumunda Wi-Fi \u00f6zelli\u011finin aktif edilmesi gerekiyor. Bu durumda da\nproblem halen devam etmesi halinde Instagram uygulamas\u0131n\u0131n t\u00fcm dosyalar\u0131yla\nbirlikte kald\u0131r\u0131ld\u0131ktan sonra mobil cihaz\u0131n yeniden ba\u015flat\u0131lmas\u0131 tavsiye\nedilir. Son i\u015flem olarak uygulama yeniden mobil cihaza y\u00fcklenmelidir. Bu eylem\ny\u00fcksek ihtimalle sorunun giderilmesini sa\u011flayacakt\u0131r.<\/p>\n\n\n\n<h2 class=\"wp-block-heading\"><span class=\"ez-toc-section\" id=\"Instagram_Hikayelerinde_Sure_Kotasi_Bulunuyor_mu\"><\/span>Instagram Hikayelerinde S\u00fcre Kotas\u0131 Bulunuyor mu?<span class=\"ez-toc-section-end\"><\/span><\/h2>\n\n\n\n<p>Instagram i\u015fleyi\u015fi bak\u0131m\u0131ndan pek \u00e7ok sosyal mesajla\u015fma\nuygulamalar\u0131ndan farkl\u0131d\u0131r. Bu do\u011frultuda hikayelerinizde de sistem taraf\u0131ndan\ns\u00fcre limiti konulabiliyor. Bu do\u011frultuda Instagram \u00fczerinden hikayelerinizi\nsadece 15 saniyelik s\u00fcre do\u011frultusunda yay\u0131nlayabilirsiniz. Bu zaman dilimini\na\u015fman\u0131z durumunda payla\u015fmak istedi\u011finiz hikayeler Instagram taraf\u0131ndan otomatik\nbir \u015fekilde b\u00f6l\u00fcnerek par\u00e7al\u0131 olarak payla\u015f\u0131l\u0131yor. Bunun haricinde <strong>Instagram<\/strong> <strong>hikayede<\/strong> <strong>ki\u015fi<\/strong> <strong>etiketleme<\/strong>\nile diledi\u011finiz say\u0131da ki\u015fileri etiketleyebilirsiniz. <\/p>\n\n\n\n<p>Yani Instagram bu konuda sizlere herhangi bir kota sunmuyor.\nInstagram sosyal mesajla\u015fma uygulamas\u0131n\u0131n temel \u00f6zelliklerinden biri,\nkullan\u0131c\u0131lar\u0131n s\u00fcrekli olarak birbirleriyle ileti\u015fim halinde kalmas\u0131n\u0131\nsa\u011flamas\u0131d\u0131r. Bu do\u011frultuda hikayelerin etiketlenmesi konusunda da\nkullan\u0131c\u0131lar\u0131na b\u00fcy\u00fck avantajlar sa\u011fl\u0131yor. Hikayelerin etiketlenmesi konusunda\nkullan\u0131c\u0131lar\u0131na gerekli t\u00fcm imkanlar\u0131 kusursuz bir \u015fekilde sunuyor. Ki\u015fi\netiketlenmesini standart resim ve videolar\u0131n payla\u015f\u0131mlar\u0131nda zahmet \u00e7ekilmeden\nger\u00e7ekle\u015ftirilmesini sa\u011fl\u0131yor. <\/p>\n\n\n\n<p>Hikayeler niteli\u011finin aktif olmas\u0131 sonras\u0131nda bu k\u0131s\u0131mda da i\u015flevinin s\u00fcrd\u00fcr\u00fclmesini sa\u011fl\u0131yor. Kullan\u0131c\u0131lar arkada\u015flar\u0131yla birlikte \u00e7ektirdi\u011fi resim veya videolar\u0131 sistem \u00fczerinden hikaye anlam\u0131na payla\u015ft\u0131\u011f\u0131 takdirde arkada\u015f\u0131 \u00fczerinden etiketleme yaparak bu niteli\u011fi zahmetsiz bir \u015fekilde kullanabiliyor. Instagram uygulamas\u0131nda ki\u015fi etiketlemek istedi\u011finizde ilk olarak sisteme \u00fccretsiz olarak kay\u0131t olabilirsiniz.<\/p>\n\n\n\n<p><a href=\"https:\/\/takipci.shop\/instagram-aylik-begeni-satin-al\" target=\"_blank\" rel=\"noreferrer noopener\">Instagram Ayl\u0131k Be\u011feni Sat\u0131n Al<\/a> hizmetimiz ile ayl\u0131k be\u011feni say\u0131lar\u0131n\u0131z\u0131 kolay ve g\u00fcvenli bir \u015fekilde art\u0131rabilirsiniz.<\/p>\n\n\n\n<figure class=\"wp-block-embed is-type-video is-provider-youtube wp-block-embed-youtube wp-embed-aspect-16-9 wp-has-aspect-ratio\"><div class=\"wp-block-embed__wrapper\">\n<iframe title=\"\u0130nstagram&#039;da Etiketleme Yapma - Yorum, Resim ve Hikayeler\" width=\"640\" height=\"360\" src=\"https:\/\/www.youtube.com\/embed\/9lqfnVnWyP4?feature=oembed\" frameborder=\"0\" allow=\"accelerometer; autoplay; clipboard-write; encrypted-media; gyroscope; picture-in-picture; web-share\" referrerpolicy=\"strict-origin-when-cross-origin\" allowfullscreen><\/iframe><script type=\"application\/ld+json\">\n    {\n      \"@context\": \"https:\/\/schema.org\",\n      \"@type\": \"VideoObject\",\n      \"name\": \"\u0130nstagram&#039;da Etiketleme Yapma - Yorum, Resim ve Hikayeler\",\n      \"description\": \"Instagram Hikayede Ki\u015fi Etiketleme\",\n      \"thumbnailUrl\": \"https:\/\/i.ytimg.com\/vi_webp\/9lqfnVnWyP4\/mqdefault.webp\",\n      \"embedUrl\": \"https:\/\/www.youtube.com\/embed\/9lqfnVnWyP4?feature=oembed\",\n      \"uploadDate\": \"April 20, 2023 6:28 am\"\n    }\n    <\/script>\n<\/div><\/figure>\n\n\n\n<p><a href=\"https:\/\/takipci.shop\/blog\/instagram-destek\/\">Instagram Destek<\/a>&nbsp;kategorisi yaz\u0131lar\u0131m\u0131z ile Instagram ile ilgili t\u00fcm yeniliklerden haberdar olun.<\/p>\n\n\n<div id=\"rank-math-faq\" class=\"rank-math-block\">\n<div class=\"rank-math-list \">\n<div id=\"faq-question-62b9a4898cc92\" class=\"rank-math-list-item\">\n<h3 class=\"rank-math-question \">Instagram Hikaye Link Enklenebilir mi? <\/h3>\n<div class=\"rank-math-answer \">\n\n<p>Instagram hikayelerine link eklemek m\u00fcmk\u00fcnd\u00fcr. Ancak link eklemek i\u00e7in profilinizin en az 10.000 takip\u00e7iye sahip olmas\u0131 gerekmektedir. Aksi hale link payla\u015famazs\u0131n\u0131z.<\/p>\n\n<\/div>\n<\/div>\n<div id=\"faq-question-62b9a4898cc97\" class=\"rank-math-list-item\">\n<h3 class=\"rank-math-question \">Instagram Hikayelerime Ki\u015fi Etiketlesem Bildirim Gider mi? <\/h3>\n<div class=\"rank-math-answer \">\n\n<p>Instagram hikayelerinize ekleyece\u011finiz ki\u015filer i\u00e7in taraflar\u0131na bildirim gidecektir. Bildirim gitmemesi i\u00e7in maalesef herhangi bir yol m\u00fcmk\u00fcn de\u011fildir.<\/p>\n\n<\/div>\n<\/div>\n<div id=\"faq-question-62b9a4898cc98\" class=\"rank-math-list-item\">\n<h3 class=\"rank-math-question \">Instagram Hikayelere Ki\u015fi Nas\u0131l Etiketlenir? <\/h3>\n<div class=\"rank-math-answer \">\n\n<p>Instagramda payla\u015fmak i\u00e7in karar verdi\u011finiz hikayenizi ayarlad\u0131ktan sonra ekran\u0131n \u00fcst k\u0131sm\u0131nda yer almakta olan \u201cYaz\u0131\u201d k\u0131sm\u0131na girerek \u201c@\u201d ile ba\u015flayarak etiketlemek istedi\u011finiz ki\u015finin kullan\u0131c\u0131 ad\u0131n\u0131 yazman\u0131z yeterlidir.   <\/p>\n\n<\/div>\n<\/div>\n<\/div>\n<\/div>","protected":false},"excerpt":{"rendered":"<p>D\u00fcnyan\u0131n en \u00e7ok kullan\u0131lan sosyal payla\u015f\u0131m platformlar\u0131ndan biri olan Instagram bu kapsamda T\u00fcrkiye\u2019de de binlerce kullan\u0131c\u0131ya ev sahipli\u011fi yap\u0131yor. Profesyonel bir video ve resim payla\u015f\u0131m uygulamas\u0131 olan Instagram ezeli rakibi [&hellip;]<\/p>\n","protected":false},"author":3,"featured_media":14135,"comment_status":"open","ping_status":"open","sticky":false,"template":"","format":"standard","meta":{"footnotes":""},"categories":[3],"tags":[],"class_list":["post-14133","post","type-post","status-publish","format-standard","has-post-thumbnail","hentry","category-instagram-destek","entry"],"_links":{"self":[{"href":"https:\/\/takipci.shop\/blog\/wp-json\/wp\/v2\/posts\/14133","targetHints":{"allow":["GET"]}}],"collection":[{"href":"https:\/\/takipci.shop\/blog\/wp-json\/wp\/v2\/posts"}],"about":[{"href":"https:\/\/takipci.shop\/blog\/wp-json\/wp\/v2\/types\/post"}],"author":[{"embeddable":true,"href":"https:\/\/takipci.shop\/blog\/wp-json\/wp\/v2\/users\/3"}],"replies":[{"embeddable":true,"href":"https:\/\/takipci.shop\/blog\/wp-json\/wp\/v2\/comments?post=14133"}],"version-history":[{"count":4,"href":"https:\/\/takipci.shop\/blog\/wp-json\/wp\/v2\/posts\/14133\/revisions"}],"predecessor-version":[{"id":14965,"href":"https:\/\/takipci.shop\/blog\/wp-json\/wp\/v2\/posts\/14133\/revisions\/14965"}],"wp:featuredmedia":[{"embeddable":true,"href":"https:\/\/takipci.shop\/blog\/wp-json\/wp\/v2\/media\/14135"}],"wp:attachment":[{"href":"https:\/\/takipci.shop\/blog\/wp-json\/wp\/v2\/media?parent=14133"}],"wp:term":[{"taxonomy":"category","embeddable":true,"href":"https:\/\/takipci.shop\/blog\/wp-json\/wp\/v2\/categories?post=14133"},{"taxonomy":"post_tag","embeddable":true,"href":"https:\/\/takipci.shop\/blog\/wp-json\/wp\/v2\/tags?post=14133"}],"curies":[{"name":"wp","href":"https:\/\/api.w.org\/{rel}","templated":true}]}}